{"id":281,"date":"2021-02-13T19:24:28","date_gmt":"2021-02-13T18:24:28","guid":{"rendered":"https:\/\/votreosteo.com\/blog\/?p=281"},"modified":"2021-02-13T19:26:20","modified_gmt":"2021-02-13T18:26:20","slug":"quel-est-le-role-et-le-champ-daction-de-losteopathe","status":"publish","type":"post","link":"https:\/\/votreosteo.com\/blog\/2021\/02\/13\/quel-est-le-role-et-le-champ-daction-de-losteopathe\/","title":{"rendered":"Quel est le r\u00f4le et le champ d&rsquo;action de l&rsquo;ost\u00e9opathe ?"},"content":{"rendered":"\n<p>L\u2019ost\u00e9opathie traditionnellement Am\u00e9ricaine est fond\u00e9e sur une volont\u00e9 clinique de r\u00e9pondre aux carences de la m\u00e9decine de l\u2019\u00e9poque face aux \u00e9pid\u00e9mies virales.<\/p>\n\n\n\n<p>Dr A.T. STILL, fondateur, est percut\u00e9 durant ces \u00e9pid\u00e9mies par la perte de ses enfants. Il cherche alors une alternative naturelle en r\u00e9ponse aux maladies.<\/p>\n\n\n\n<p>Ses contemporains t\u00e9moignent sur sa philosophie :<br>L\u2019anatomie doit \u00eatre au coeur du soin ost\u00e9opathique : Elle tisse le lien entre la sensation du patient et la visualisation du praticien.<\/p>\n\n\n\n<p>A.T. STILL construit la pens\u00e9e ost\u00e9opathique en int\u00e9grant l\u2019observation des rites de soins indiens aux fondements de la M\u00e9decine Orthop\u00e9dique.<\/p>\n\n\n\n<p>L\u2019Europe est aujourd\u2019hui en train d\u2019assoir cette transmission centenaire de technicit\u00e9 dans le parcours de soin classique.<br>Les pays de l\u2019Est et d\u2019Orients sont \u00e9galement aujourd\u2019hui dans une marche exponentielle d\u2019int\u00e9gration de ces fondements ost\u00e9opathiques.<\/p>\n\n\n\n<h3 class=\"wp-block-heading\">Quels peut et doit \u00eatre alors nos champs d\u2019actions en 2021 ?<\/h3>\n\n\n\n<p>La crise sanitaire et sociale renforce le besoin d\u2019ancrage du patient. La relation th\u00e9rapeutique peut \u00eatre confiante car appuy\u00e9e sur 120 ans d\u2019exp\u00e9rience clinique : Celle-ci en d\u00e9finit la science ost\u00e9opathique.<\/p>\n\n\n\n<p>La relation interdisciplinaire devra peut \u00eatre humblement placer la subjectivit\u00e9 au coeur des \u00e9changes, car l\u2019id\u00e9e de doute est co-substantiel \u00e0 la recherche.<\/p>\n\n\n\n<p>Voyons tout \u00e7a&#8230;<\/p>\n\n\n\n<h2 class=\"wp-block-heading\"><strong>CHAPITRE 1 : LA STABILIT\u00c9<\/strong><\/h2>\n\n\n\n<p>L\u2019ost\u00e9opathe peut \u00eatre un appui pour toutes les douleurs, tout les sympt\u00f4mes, toutes les maladies.<\/p>\n\n\n\n<p>Tout est une question de timing de prise en charge.<\/p>\n\n\n\n<p>Il est \u00e9vident que devant des pouss\u00e9es de fi\u00e8vres, des signes vasomoteurs d\u2019urgences, des amaigrissements soudains, des fractures ou des luxations, l\u2019ost\u00e9opathe ne pourra et ne devra pas intervenir, il contactera les services m\u00e9dicaux comp\u00e9tents.<\/p>\n\n\n\n<p>Cependant dans le suivi de nombreuses pathologies m\u00e9taboliques chroniques (diab\u00e8te, cancer, pathologies rhumatologiques&#8230;) il fera parti int\u00e9grante des parcours de soins para-m\u00e9dicaux.<\/p>\n\n\n\n<p>Il est a noter qu\u2019en France les techniques \u00ab internes \u00bb, c\u2019est a dire dans les orifices sont interdites pour les Ost\u00e9opathes.<\/p>\n\n\n\n<p>Nous traversons un \u00e2ge ou la place de la Femme r\u00e9-int\u00e9gre (enfin) toute les sph\u00e8res :<br>Sa r\u00e9apropriation du corps aussi est essentiel.<\/p>\n\n\n\n<p>Nombreuses sont celles qui nous consultent pour des questions autour de la sph\u00e8re gyn\u00e9cologique. Pour des <a href=\"\/blog\/2020\/07\/20\/tout-savoir-sur-le-deroulement-dune-seance-dosteopathie\/\">traitements ost\u00e9opathiques<\/a> plus cibl\u00e9s internes, il sera important de consulter, Gyn\u00e9cologues\/ Sage-femmes Ost\u00e9opathes qui eux, exerceront dans un cadre l\u00e9gal.<\/p>\n\n\n\n<p>Mais concr\u00e8tement,<\/p>\n\n\n\n<p>Le patient est souvent allong\u00e9 et mobilis\u00e9 : il est quasi immobile dans l\u2019espace et le temps : ce laisser aller l\u2019am\u00e8ne dans un \u00e9tat calme et parfait : un premier traitement.<\/p>\n\n\n\n<p>C\u2019est un temps n\u00e9cessaire que nous offrons notamment aux personnels soignants : infirmiers, aide-soignants, m\u00e9decins&#8230; en qu\u00eate de pause.<\/p>\n\n\n\n<p>Le regains de mobilit\u00e9 \/ motilit\u00e9 pour viser l\u2019inhibition des voies nociceptives est l\u2019approche m\u00e9canistes. Le recentrage dans une position neutre en est l\u2019aspect vitaliste.<\/p>\n\n\n\n<p>Ainsi toutes les informations environnementales (peur du futur, hypermegalomanie du patron, chutes, coups, sursollicitations) sont mieux int\u00e9gr\u00e9es par l\u2019organisme lorsque l\u2019alignement est pr\u00e9sent.<\/p>\n\n\n\n<h2 class=\"wp-block-heading\"><strong>CHAPITRE 2 : RELIGARE &#8211; LE LIEN<\/strong><\/h2>\n\n\n\n<p>T\u00e9l\u00e9travail, isolement, pr\u00e9carit\u00e9, sentiment de solitude : c\u2019est la r\u00e9alit\u00e9 que nous traversons.<\/p>\n\n\n\n<p>Dans les \u00ab Tableaux des progr\u00e8s de l\u2019esprit humains \u00bb N. de Condorcet en 1795 propose d\u00e9j\u00e0 :<\/p>\n\n\n\n<blockquote class=\"wp-block-quote is-layout-flow wp-block-quote-is-layout-flow\"><p>Pour les si\u00e8cles qui viennent il faudra r\u00e9ussir a concilier l\u2019esprit scientifique, l\u2019esprit d\u2019innovation, la qualit\u00e9 de vie des gens, mais aussi leur bien \u00eatre<\/p><\/blockquote>\n\n\n\n<p>L\u2019ost\u00e9opathe doit \u00eatre un Humain \u00e9veill\u00e9, assoiff\u00e9 de connaissances tel un philosophe des lumi\u00e8res. Il comprend le corps a travers des mod\u00e8les transmis et compose son soin avec une libert\u00e9 grassement subjective.<\/p>\n\n\n\n<p>Les patients sont capables de comprendre les lois de la nature. L\u2019Ost\u00e9opathie se base dessus \u00e0 travers ses principes : libre circulation des fluides \/ association structure-fonction.<br>Le d\u00e9fis d\u2019aujourd\u2019hui reposent sur l\u2019explication de la rationalit\u00e9 subjective de nos gestes : terreau de nos instincts.<\/p>\n\n\n\n<p>Faire des liens, c\u2019est unir.<br>Continuons \u00e0 jouir de cette position car elle profite a toutes les \u00e9chelles.<\/p>\n\n\n\n<h3 class=\"wp-block-heading\">\u00c0 l\u2019\u00e9chelle infime :<\/h3>\n\n\n\n<p>Nos mains sont des vecteurs : Elles pourront booster l\u2019immunit\u00e9 quand les colonies bact\u00e9riennes qui s\u2019y composent ne seront pas en trop grand nombre.<br>Cependant en apart\u00e9 : <strong>LAVEZ VOUS LES MAINS<\/strong>, un rel\u00e2chement de l\u2019hygi\u00e8ne ces 10 derni\u00e8res ann\u00e9es est un des co-facteurs de la recrudescence \u00e9pid\u00e9miales.<br>Nos mains relient l\u2019information nerveuse, vasculaire, lymphatique \u00e0 la zone voulue a travers de simples stimulations et raisonnances.<\/p>\n\n\n\n<h3 class=\"wp-block-heading\">\u00c0 l\u2019\u00e9chelle macroscopique :<\/h3>\n\n\n\n<p>Nous recevons des personnes isol\u00e9s \u00e0 qui nous amenons des informations : sur eux m\u00eame, mais \u00e9galement sur le monde qui nous entoure nous, humains. Nous les r\u00e9int\u00e9grons \u00e0 leur eco-syst\u00e8me.<\/p>\n\n\n\n<p>Tout ces liens seront n\u00e9cessaires \u00e0 l\u2019aube du de la r\u00e9-invention de la notion de progr\u00e8s.<\/p>\n\n\n\n<h2 class=\"wp-block-heading\"><strong>CHAPITRE 3 : PROGR\u00c8S ET INNOVATION<\/strong><\/h2>\n\n\n\n<p>Quelle sera la place de l\u2019Ost\u00e9opathe \u00e0 l\u2019aire de l\u2019innovation ?<\/p>\n\n\n\n<p>Il y a un d\u00e9tail a notifier dans le boost de progr\u00e8s que nous avons v\u00e9cu : L\u2019apparition de l\u2019innovation.<\/p>\n\n\n\n<p>Etymologiquement issue du 14\u00e8me si\u00e8cle l\u2019innovos \u00e9tait un avenant pour que les contrat continue d\u2019\u00eatre pr\u00e9sentement viable.<br>Depuis 20 ans, l\u2019utilisation dans la langue courante du mot progr\u00e8s diminue pour laisser place \u00e0 celui d\u2019\u00ab innovation \u00bb. Nous rentrons dans un \u00e2ge ou nous devrons \u00ab dealer \u00bb avec nos progr\u00e8s pass\u00e9s.<\/p>\n\n\n\n<p>L\u2019ost\u00e9opathe, pi\u00e8ce archa\u00efque de la m\u00e9decine de part ses influences ethniques et sa vision vitaliste trouvera t\u2019elle sa place ?<\/p>\n\n\n\n<p>J&rsquo;en suis persuad\u00e9, car dans tout contrats r\u00e9alis\u00e9s, la place d\u2019un mod\u00e9rateur temp\u00e8re les uns et active les autres. Nos champs d\u2019actions continueront d\u2019\u00eatre l\u2019enseignement et le soins.<br>Internet des objets, 5G, voiture autonomes : Nous vivons une fracture de positionnement dans les groupes sociaux. Pla\u00e7ons nous en au centre. L\u2019intelligence artificielle am\u00e8ne l\u2019hyper-sp\u00e9cialisation des domaines m\u00e9dicaux. Cela viendra assur\u00e9ment booster nos esp\u00e9rances de vie, mais dans quelles conditions ?<\/p>\n\n\n\n<p>Alors, tout comme de vieux sages allons nous aussi au devant de la vie.<\/p>\n\n\n\n<p>Article r\u00e9dig\u00e9 par Paul-Timoth\u00e9e ARCADIAS Ost\u00e9opathe D.O Co-Fondateur S\u00e9r\u00e9nit\u00e9 Ost\u00e9os, que vous pouvez retrouver sur <a rel=\"noreferrer noopener\" target=\"_blank\" href=\"http:\/\/www.arcadiasosteo.com\/\">www.arcadiasosteo.com<\/a><\/p>\n","protected":false},"excerpt":{"rendered":"<p>L\u2019ost\u00e9opathie traditionnellement Am\u00e9ricaine est fond\u00e9e sur une volont\u00e9 clinique de r\u00e9pondre aux carences de la m\u00e9decine de l\u2019\u00e9poque face aux \u00e9pid\u00e9mies virales. Dr A.T. STILL, fondateur, est percut\u00e9 durant ces \u00e9pid\u00e9mies par la perte de ses enfants. Il cherche alors une alternative naturelle en r\u00e9ponse aux maladies. Ses contemporains t\u00e9moignent sur sa philosophie :L\u2019anatomie doit &hellip; <\/p>\n","protected":false},"author":1,"featured_media":282,"comment_status":"open","ping_status":"open","sticky":false,"template":"","format":"standard","meta":{"footnotes":""},"categories":[1],"tags":[],"class_list":["post-281","post","type-post","status-publish","format-standard","has-post-thumbnail","hentry","category-osteopathie"],"_links":{"self":[{"href":"https:\/\/votreosteo.com\/blog\/wp-json\/wp\/v2\/posts\/281","targetHints":{"allow":["GET"]}}],"collection":[{"href":"https:\/\/votreosteo.com\/blog\/wp-json\/wp\/v2\/posts"}],"about":[{"href":"https:\/\/votreosteo.com\/blog\/wp-json\/wp\/v2\/types\/post"}],"author":[{"embeddable":true,"href":"https:\/\/votreosteo.com\/blog\/wp-json\/wp\/v2\/users\/1"}],"replies":[{"embeddable":true,"href":"https:\/\/votreosteo.com\/blog\/wp-json\/wp\/v2\/comments?post=281"}],"version-history":[{"count":3,"href":"https:\/\/votreosteo.com\/blog\/wp-json\/wp\/v2\/posts\/281\/revisions"}],"predecessor-version":[{"id":286,"href":"https:\/\/votreosteo.com\/blog\/wp-json\/wp\/v2\/posts\/281\/revisions\/286"}],"wp:featuredmedia":[{"embeddable":true,"href":"https:\/\/votreosteo.com\/blog\/wp-json\/wp\/v2\/media\/282"}],"wp:attachment":[{"href":"https:\/\/votreosteo.com\/blog\/wp-json\/wp\/v2\/media?parent=281"}],"wp:term":[{"taxonomy":"category","embeddable":true,"href":"https:\/\/votreosteo.com\/blog\/wp-json\/wp\/v2\/categories?post=281"},{"taxonomy":"post_tag","embeddable":true,"href":"https:\/\/votreosteo.com\/blog\/wp-json\/wp\/v2\/tags?post=281"}],"curies":[{"name":"wp","href":"https:\/\/api.w.org\/{rel}","templated":true}]}}