{"id":809,"date":"2023-09-06T16:55:33","date_gmt":"2023-09-06T14:55:33","guid":{"rendered":"https:\/\/votreosteo.com\/blog\/?p=809"},"modified":"2023-09-06T16:55:35","modified_gmt":"2023-09-06T14:55:35","slug":"complement-alimentaire-comment-bien-choisir-celui-de-son-enfant","status":"publish","type":"post","link":"https:\/\/votreosteo.com\/blog\/2023\/09\/06\/complement-alimentaire-comment-bien-choisir-celui-de-son-enfant\/","title":{"rendered":"Compl\u00e9ment alimentaire : Comment bien choisir celui de son enfant\u2009?"},"content":{"rendered":"\n<p>Chez l\u2019enfant, les ressources alimentaires sont particuli\u00e8rement absorb\u00e9es au quotidien surtout en p\u00e9riode de croissance. Si vous remarquez une fatigue durable ou une baisse d\u2019immunit\u00e9 chez votre enfant, celui-ci souffre peut-\u00eatre d\u2019une carence. Les vitamines et les min\u00e9raux ne sont pas toujours pr\u00e9sents en quantit\u00e9 suffisante dans les aliments. Et face \u00e0 un tel probl\u00e8me, vous pouvez vous tourner vers les compl\u00e9ments alimentaires. Il peut \u00eatre donc judicieux de penser \u00e0 en donner \u00e0 votre prog\u00e9niture. Mais tous les compl\u00e9ments alimentaires sont-ils adapt\u00e9s \u00e0 l\u2019organisme de votre enfant\u2009?<\/p>\n\n\n\n<h2 class=\"wp-block-heading\">Qu\u2019est-ce qu\u2019un compl\u00e9ment alimentaire ?<\/h2>\n\n\n\n<p>Un compl\u00e9ment alimentaire est un ensemble de nutriments utilis\u00e9 pour combler le d\u00e9ficit li\u00e9 \u00e0 l\u2019alimentation d\u2019une personne. Il n\u2019a pas d\u2019<strong>effet curatif&nbsp;<\/strong>comme les m\u00e9dicaments. C\u2019est pour cette raison que les m\u00e9decins prescrivent toujours des dosages physiologiques et non th\u00e9rapeutiques.<\/p>\n\n\n\n<p>Les compl\u00e9ments alimentaires peuvent \u00eatre commercialis\u00e9s sous forme de sirops, de g\u00e9lules, de comprim\u00e9s, de capsules ou autres. Ils sont compos\u00e9s de nutriments essentiels \u00e0 l\u2019organisme de votre enfant comme les vitamines, les acides gras essentiels, les oligo-\u00e9l\u00e9ments, les prot\u00e9ines, les antioxydants, etc.<\/p>\n\n\n\n<h2 class=\"wp-block-heading\">Comment bien choisir les compl\u00e9ments alimentaires pour votre enfant ?<\/h2>\n\n\n\n<p>Les&nbsp;<a href=\"https:\/\/www.bears-with-benefits.fr\/pages\/vitamines-enfants\">vitamines pour enfants<\/a>&nbsp;ne sont certes pas des m\u00e9dicaments et sont vendues sans ordonnance, mais ce n\u2019est pas pour cette raison qu\u2019il faut en consommer comme des bonbons. Un sp\u00e9cialiste en nutrition, un m\u00e9decin ou un pharmacien peut choisir les&nbsp;<strong>compl\u00e9ments alimentaires adapt\u00e9s aux besoins de votre enfant<\/strong>. Mais vous pouvez choisir sans l\u2019aide d\u2019un professionnel en vous int\u00e9ressant \u00e0 quelques d\u00e9tails du produit. Cela vous \u00e9vitera de faire un mauvais choix.<\/p>\n\n\n\n<h3 class=\"wp-block-heading\">Identifier l\u2019origine et prendre en compte la pr\u00e9sentation du compl\u00e9ment alimentaire<\/h3>\n\n\n\n<p>Beaucoup de consommateurs pensent que tous les compl\u00e9ments alimentaires sont d&rsquo;origine animale, mais ce sont plut\u00f4t les&nbsp;<strong>principes actifs<\/strong>&nbsp;qui le sont. Les excipients, les g\u00e9lules et autres composants ne le sont pas toujours.<\/p>\n\n\n\n<p>En ce qui concerne la forme gal\u00e9nique qui d\u00e9signe la pr\u00e9sentation du compl\u00e9ment alimentaire, il doit \u00eatre adapt\u00e9 \u00e0 la nature des diff\u00e9rents composants. Cela signifie qu\u2019avec les m\u00eames mati\u00e8res premi\u00e8res, comprim\u00e9s, sirops, g\u00e9lules, capsules, etc, ils ne produiront pas forc\u00e9ment le m\u00eame r\u00e9sultat.<\/p>\n\n\n\n<h3 class=\"wp-block-heading\">V\u00e9rifier la composition du produit<\/h3>\n\n\n\n<p>La composition est un crit\u00e8re de choix qu\u2019il ne faut pas n\u00e9gliger lorsque nous choisissons un compl\u00e9ment alimentaire. Elle permet de conna\u00eetre les ingr\u00e9dients utilis\u00e9s surtout les additifs, allerg\u00e8nes, conservateurs, etc. Ces d\u00e9tails sont encore plus importants lorsque votre enfant a des allergies ou une quelconque pathologie, car elles vous permettent d\u2019\u00e9viter les effets ind\u00e9sirables.<\/p>\n\n\n\n<p>\u00c0 part les composants, la forme employ\u00e9e est aussi un indicateur de qualit\u00e9, car celle-ci facilite l\u2019assimilation, am\u00e9liore la tol\u00e9rance et limite les effets secondaires. Un m\u00eame composant pr\u00e9sent\u00e9 sous diff\u00e9rentes autres formes n\u2019aura pas le m\u00eame r\u00e9sultat. Par exemple, le Bysglycinate de magn\u00e9sium est plus facilement assimil\u00e9 que l\u2019oxyde de magn\u00e9sium qui poss\u00e8de pourtant un<strong>&nbsp;taux de magn\u00e9sium<\/strong>&nbsp;plus \u00e9lev\u00e9.<\/p>\n\n\n\n<h3 class=\"wp-block-heading\">S\u2019int\u00e9resser aux niveaux de concentration<\/h3>\n\n\n\n<p>La concentration en principes actifs est aussi un \u00e9l\u00e9ment de choix, car elle contribue \u00e0 la qualit\u00e9 par cons\u00e9quent \u00e0 l\u2019efficacit\u00e9 du compl\u00e9ment alimentaire. Rappelons qu&rsquo;un principe actif est la substance qui aide l\u2019organisme \u00e0 rester en bonne sant\u00e9. Sa concentration varie \u00e9norm\u00e9ment selon le compl\u00e9ment alimentaire choisi. C\u2019est le cas par exemple des extraits v\u00e9g\u00e9taux. Mais avec la standardisation qui a comme objectif&nbsp;<strong>une concentration en principes actifs constants<\/strong>, cette variation tend \u00e0 dispara\u00eetre.<\/p>\n\n\n\n<h2 class=\"wp-block-heading\">Quels sont les meilleurs suppl\u00e9ments nutritionnels pour les enfants ?<\/h2>\n\n\n\n<p>Il existe plusieurs compl\u00e9ments alimentaires qui sont bons pour l\u2019organisme de votre enfant. Veillez cependant \u00e0 respecter les dosages, car les besoins d\u2019un enfant ne sont pas forc\u00e9ment les m\u00eames que ceux d\u2019un adulte.<\/p>\n\n\n\n<h3 class=\"wp-block-heading\">La Vitamine D<\/h3>\n\n\n\n<p>Elle est souvent prescrite par les m\u00e9decins pour pallier les carences li\u00e9es \u00e0 une exposition solaire insuffisante.&nbsp;<strong>Les rayons UV permettent de synth\u00e9tiser la vitamine D&nbsp;<\/strong>qui aide \u00e0 la fixation du calcium et \u00e0 la croissance osseuse.<\/p>\n\n\n\n<h3 class=\"wp-block-heading\">Le Fluor<\/h3>\n\n\n\n<p>Autrefois utilis\u00e9 comme compl\u00e9ment alimentaire pour les b\u00e9b\u00e9s de 3 mois, il est aujourd\u2019hui recommand\u00e9 \u00e0 partir de 6 mois lors des premi\u00e8res pouss\u00e9es dentaires. Il permet de renforcer l\u2019\u00e9mail et limiter le risque de carie.<\/p>\n\n\n\n<h3 class=\"wp-block-heading\">Les Om\u00e9ga-3<\/h3>\n\n\n\n<p>Notre alimentation est g\u00e9n\u00e9ralement pauvre en Om\u00e9ga-3, un nutriment que l\u2019on retrouve principalement dans les poissons gras ou certaines huiles v\u00e9g\u00e9tales. S\u2019il est difficile d\u2019int\u00e9grer ces aliments dans les repas du quotidien, vous pouvez utiliser les suppl\u00e9ments pour un enfant de 2 ans et plus.<\/p>\n\n\n\n<h3 class=\"wp-block-heading\">La Propolis<\/h3>\n\n\n\n<p>Il s\u2019agit d\u2019un produit issu de la ruche qui permet de lutter efficacement contre les petites infections virales. La propolis est un v\u00e9ritable antibiotique naturel.<\/p>\n","protected":false},"excerpt":{"rendered":"<p>Chez l\u2019enfant, les ressources alimentaires sont particuli\u00e8rement absorb\u00e9es au quotidien surtout en p\u00e9riode de croissance. Si vous remarquez une fatigue durable ou une baisse d\u2019immunit\u00e9 chez votre enfant, celui-ci souffre peut-\u00eatre d\u2019une carence. Les vitamines et les min\u00e9raux ne sont pas toujours pr\u00e9sents en quantit\u00e9 suffisante dans les aliments. Et face \u00e0 un tel probl\u00e8me, &hellip; <\/p>\n","protected":false},"author":1,"featured_media":810,"comment_status":"open","ping_status":"open","sticky":false,"template":"","format":"standard","meta":{"footnotes":""},"categories":[5],"tags":[],"class_list":["post-809","post","type-post","status-publish","format-standard","has-post-thumbnail","hentry","category-sante"],"_links":{"self":[{"href":"https:\/\/votreosteo.com\/blog\/wp-json\/wp\/v2\/posts\/809","targetHints":{"allow":["GET"]}}],"collection":[{"href":"https:\/\/votreosteo.com\/blog\/wp-json\/wp\/v2\/posts"}],"about":[{"href":"https:\/\/votreosteo.com\/blog\/wp-json\/wp\/v2\/types\/post"}],"author":[{"embeddable":true,"href":"https:\/\/votreosteo.com\/blog\/wp-json\/wp\/v2\/users\/1"}],"replies":[{"embeddable":true,"href":"https:\/\/votreosteo.com\/blog\/wp-json\/wp\/v2\/comments?post=809"}],"version-history":[{"count":1,"href":"https:\/\/votreosteo.com\/blog\/wp-json\/wp\/v2\/posts\/809\/revisions"}],"predecessor-version":[{"id":811,"href":"https:\/\/votreosteo.com\/blog\/wp-json\/wp\/v2\/posts\/809\/revisions\/811"}],"wp:featuredmedia":[{"embeddable":true,"href":"https:\/\/votreosteo.com\/blog\/wp-json\/wp\/v2\/media\/810"}],"wp:attachment":[{"href":"https:\/\/votreosteo.com\/blog\/wp-json\/wp\/v2\/media?parent=809"}],"wp:term":[{"taxonomy":"category","embeddable":true,"href":"https:\/\/votreosteo.com\/blog\/wp-json\/wp\/v2\/categories?post=809"},{"taxonomy":"post_tag","embeddable":true,"href":"https:\/\/votreosteo.com\/blog\/wp-json\/wp\/v2\/tags?post=809"}],"curies":[{"name":"wp","href":"https:\/\/api.w.org\/{rel}","templated":true}]}}