{"id":943,"date":"2024-09-20T16:50:49","date_gmt":"2024-09-20T14:50:49","guid":{"rendered":"https:\/\/votreosteo.com\/blog\/?p=943"},"modified":"2024-08-26T15:52:38","modified_gmt":"2024-08-26T13:52:38","slug":"votre-osteopathe-pour-soulager-le-syndrome-de-muller-weiss","status":"publish","type":"post","link":"https:\/\/votreosteo.com\/blog\/2024\/09\/20\/votre-osteopathe-pour-soulager-le-syndrome-de-muller-weiss\/","title":{"rendered":"Votre ost\u00e9opathe pour soulager le syndrome de M\u00fcller-Weiss"},"content":{"rendered":"\n<p>Il y a encore quelques ann\u00e9es, le <a href=\"https:\/\/osteo2ls.com\/blog\/news-syndrome-de-muller-weiss-et-osteopathie-pour-se-remettre-sur-pied.html\">syndrome de M\u00fcller-Weiss<\/a> \u00e9tait quasiment inconnu du grand public. Cela a chang\u00e9 lorsqu&rsquo;un certain Rafael Nadal a annonc\u00e9, au printemps 2022, qu&rsquo;il en \u00e9tait atteint. <strong>Si cette pathologie, qui est localis\u00e9e au niveau du pied, touche les sportifs de haut niveau, elle peut tout \u00e0 fait vous concerner m\u00eame si vous n&rsquo;\u00eates pas un joueur de tennis<\/strong>. Cependant, en <a href=\"\/les-cabinets-d-osteopathie-en-pays-de-la-loire\/vendee-85.html\">prenant rendez-vous avec un ost\u00e9opathe pr\u00e8s de chez vous<\/a>, il est possible de moins souffrir et de retrouver une meilleure mobilit\u00e9.<\/p>\n\n\n\n<h2 class=\"wp-block-heading\">Le syndrome de M\u00fcller-Weiss : c&rsquo;est pas l&rsquo;pied ! (Mais si, en fait&#8230;)<\/h2>\n\n\n\n<h3 class=\"wp-block-heading\">Le pied : une anatomie complexe<\/h3>\n\n\n\n<p>Si l&rsquo;on vous annonce de but en blanc que le syndrome de M\u00fcller-Weiss concerne l&rsquo;os naviculaire, cela ne va pas vraiment vous \u00e9clairer au sujet de ce qu&rsquo;est v\u00e9ritablement cette maladie. C&rsquo;est pourquoi il peut \u00eatre judicieux de vous proposer un petit rappel sur l&rsquo;anatomie du pied. Il faut savoir que celui-ci ne comporte pas moins de 16 articulations, 20 muscles, 26 os et 107 ligaments. Pour permettre une meilleure compr\u00e9hension, cette partie du corps est souvent s\u00e9par\u00e9e en quatre zones distinctes :<\/p>\n\n\n\n<ul class=\"wp-block-list\">\n<li>Le <strong>dos<\/strong> qui correspond au dessus du pied et que nous voyons facilement lorsque nous orientons notre regard verticalement vers le sol.<\/li>\n\n\n\n<li>Le&nbsp;<strong>bord lat\u00e9ral<\/strong> qui co\u00efncide avec le c\u00f4t\u00e9 du pied situ\u00e9 sur l&rsquo;ext\u00e9rieur de la jambe.<\/li>\n\n\n\n<li>Le&nbsp;<strong>bord m\u00e9dial<\/strong> qui est, quant \u00e0 lui, situ\u00e9 entre les deux pieds.<\/li>\n\n\n\n<li>Enfin, la&nbsp;<strong>plante<\/strong> qui est localis\u00e9e en dessous du pied. C&rsquo;est sur elle que notre poids s&rsquo;appuie lorsque nous nous d\u00e9pla\u00e7ons ou lorsque nous nous tenons debout en position statique.<\/li>\n<\/ul>\n\n\n\n<p>Vu que le syndrome de M\u00fcller-Weiss concerne un os du pied en particulier, nous allons nous concentrer sur celui-ci. Il est donc appel\u00e9 \u00ab\u00a0naviculaire\u00a0\u00bb et il est situ\u00e9 sur le bord lat\u00e9ral (ext\u00e9rieur) du pied, \u00e0 peu pr\u00e8s au milieu. Il est juste \u00e0 l&rsquo;avant du talus, le gros os qui forme le talon avec le calcan\u00e9us. M\u00eame si cet os est de dimensions modestes, il joue un r\u00f4le essentiel dans le soutien de notre masse et dans la propulsion lors de la marche.<\/p>\n\n\n\n<h3 class=\"wp-block-heading\">Quels sont les sympt\u00f4mes du syndrome de M\u00fcller-Weiss ?<\/h3>\n\n\n\n<p>Le syndrome de M\u00fcller-Weiss porte \u00e9galement le nom \u00ab\u00a0d&rsquo;ost\u00e9on\u00e9crose de l&rsquo;os naviculaire\u00a0\u00bb. Ce type d&rsquo;atteinte peut toucher diff\u00e9rentes parties du corps humain telles que le f\u00e9mur, l&rsquo;\u00e9paule ou le genou, voire de fa\u00e7on plus rare la cheville et le poignet. Elle est d\u00e9finie comme la mort d&rsquo;une zone de l&rsquo;os suite \u00e0 un manque d&rsquo;irrigation sanguine. Pendant sa premi\u00e8re phase, la pathologie reste asymptomatique et cela peut durer plusieurs ann\u00e9es. Cependant, peu \u00e0 peu, les cellules du naviculaire se d\u00e9sagr\u00e8gent et l&rsquo;os s&rsquo;atrophie, puis il se fragmente et il peut m\u00eame dispara\u00eetre totalement au final. La r\u00e9duction du volume occup\u00e9 par ce dernier et sa d\u00e9formation finissent par impacter les structures adjacentes. C&rsquo;est ce qui explique <strong>l&rsquo;apparition des douleurs dans un second temps. Celles-ci sont situ\u00e9es au niveau de la vo\u00fbte plantaire<\/strong>. Elles sont irr\u00e9guli\u00e8res, qualifi\u00e9es d&rsquo;insupportables par les patients concern\u00e9s, et elles sont ressenties de fa\u00e7on plus intense \u00e0 la palpation ou lors d&rsquo;une activit\u00e9 physique. Elles peuvent \u00eatre \u00e9ventuellement accompagn\u00e9es d&rsquo;un \u0153d\u00e8me (gonflement de la zone) et d&rsquo;une rougeur localis\u00e9e.<\/p>\n\n\n\n<h3 class=\"wp-block-heading\">Quelles sont les causes du syndrome de M\u00fcller-Weiss ?<\/h3>\n\n\n\n<p>L&rsquo;origine du syndrome de M\u00fcller-Weiss reste inconnue \u00e0 ce jour. Cependant, ce dont on est s\u00fbr, c&rsquo;est qu&rsquo;<strong>il existe un certain nombre de facteurs qui accroissent le risque de d\u00e9clencher la maladie<\/strong>. La d\u00e9formation appel\u00e9e \u00ab\u00a0pied varus\u00a0\u00bb en est une, car dans cette configuration, le poids du corps est d\u00e9port\u00e9 sur le bord lat\u00e9ral du pied, ce qui augmente les pressions \u00e0 ce niveau. Les circonstances sont semblables si vous \u00eates en surpoids ou si vous avez les pieds plats. Par ailleurs, des contraintes fr\u00e9quentes caus\u00e9es par des sauts ou par des appuis excessifs des jambes, comme c&rsquo;est notamment le cas lors d&rsquo;un tournoi de tennis, peuvent aussi aboutir \u00e0 une n\u00e9crose de l&rsquo;os naviculaire. Enfin, il peut arriver que le sport de haut niveau soit \u00e0 l&rsquo;origine d&rsquo;une fracture de fatigue sur l&rsquo;os naviculaire. Lorsque ce dernier est touch\u00e9 par ce type de l\u00e9sion, cela peut \u00e9galement d\u00e9boucher sur un syndrome de M\u00fcller-Weiss.<\/p>\n\n\n\n<h2 class=\"wp-block-heading\">Votre ost\u00e9opathe pour faire un \u00ab\u00a0pied de nez\u00a0\u00bb au syndrome de M\u00fcller-Weiss<\/h2>\n\n\n\n<h3 class=\"wp-block-heading\">Comment l&rsquo;ost\u00e9opathie peut-elle vous aider en cas de syndrome de M\u00fcller-Weiss ?<\/h3>\n\n\n\n<p>Si votre praticien ne peut \u00e9videmment pas r\u00e9parer votre os naviculaire, il va pouvoir cependant r\u00e9duire vos douleurs. Pour cela, il va faire en sorte que les pressions subies par votre pied soient limit\u00e9es au maximum. Il va commencer par v\u00e9rifier l&rsquo;alignement de votre posture. En effet, comme vous avez \u00e9t\u00e9 oblig\u00e9 d&rsquo;en passer par le boitement pour avoir le moins mal possible, votre corps a essay\u00e9 de compenser celui-ci par la mise en place d&rsquo;un certain nombre de d\u00e9s\u00e9quilibres. Or, ceux-ci ont tendance \u00e0 cr\u00e9er des tensions \u00e0 diff\u00e9rents endroits de votre organisme qui peuvent aggraver votre pathologie. En r\u00e9tablissant votre position physiologique, <strong>votre praticien va non seulement vous soulager localement, mais il va aussi limiter le retour de nouvelles pressions excessives<\/strong> sur votre pied. Ainsi, vous pourrez de nouveau marcher en profitant d&rsquo;un meilleur confort.Par ailleurs, si votre m\u00e9decin traitant vous a annonc\u00e9 que la seule solution pour vous d\u00e9livrer de vos douleurs au pied \u00e9tait de subir une op\u00e9ration chirurgicale, votre ost\u00e9opathe pourra vous aider avant et apr\u00e8s celle-ci. En amont, son objectif sera de vous pr\u00e9parer physiquement et psychologiquement \u00e0 l&rsquo;intervention afin que celle-ci se passe le mieux possible. Il utilisera notamment des techniques d&rsquo;ost\u00e9opathie cr\u00e2nienne pour contribuer \u00e0 r\u00e9duire votre <a href=\"https:\/\/votreosteo.com\/blog\/2021\/01\/15\/losteopathie-pour-transformer-le-stress-en-zenitude\/\">stress<\/a> \u00e0 l&rsquo;approche de votre hospitalisation. Une fois rentr\u00e9 chez vous, vous pourrez \u00e0 nouveau le consulter pour qu&rsquo;il optimise la cicatrisation des tissus qui ont \u00e9t\u00e9 endommag\u00e9s par la chirurgie. Il sera \u00e9galement en mesure de booster votre syst\u00e8me digestif. Celui-ci pourra en cons\u00e9quence \u00e9liminer plus efficacement les substances chimiques li\u00e9es \u00e0 votre m\u00e9dication, ainsi que celles qui vous ont \u00e9t\u00e9 inject\u00e9es lors de votre anesth\u00e9sie.<\/p>\n\n\n\n<h3 class=\"wp-block-heading\">Les recommandations de votre ost\u00e9opathe pour mieux vivre avec un syndrome de M\u00fcller-Weiss<\/h3>\n\n\n\n<p>En pr\u00e9sence d&rsquo;un syndrome de M\u00fcller-Weissle port de semelles orthop\u00e9diques peut \u00eatre pr\u00e9conis\u00e9, dans certains cas. Si votre praticien juge cette solution utile, il vous encouragera donc \u00e0 consulter un podologue. Comme nous l&rsquo;\u00e9crivions plus haut, le surpoids est un facteur aggravant dans la survenue du syndrome. Votre ost\u00e9opathe peut tout \u00e0 fait vous accompagner si vous avez d\u00e9cid\u00e9 d&rsquo;<a href=\"\/blog\/2020\/11\/11\/conseils-a-appliquer-pour-une-perte-de-poids-facilitee\/\">\u00e9liminer vos kilos en trop<\/a>. Par ailleurs, sachant que les femmes sont beaucoup plus touch\u00e9es par cette pathologie que les hommes, si vous faites partie de celles-ci, votre ost\u00e9opathe vous conseillera de modifier votre fa\u00e7on de vous chausser. Les fashionistas seront alors oblig\u00e9es de dire adieu aux escarpins \u00e0 haut talon, mais cela leur permettra de souffrir beaucoup moins, notamment \u00e0 l&rsquo;occasion de leurs s\u00e9ances intensives de shopping ! Que vous soyez une victime de la mode ou non, peut-\u00eatre pensez-vous que vous allez \u00eatre d\u00e9sormais condamn\u00e9e \u00e0 ne porter que des baskets ? Sachez que ce n&rsquo;est pas non plus une bonne solution, car la position totalement \u00e0 plat de vos pieds pourrait augmenter vos douleurs. L&rsquo;id\u00e9al est donc de <strong>choisir des souliers confortables, mais avec un petit talon de quelques centim\u00e8tres au minimum<\/strong>. Par ailleurs, si le fait de marcher pieds nus n&rsquo;est pas trop g\u00eanant pour vous, il s&rsquo;agit d&rsquo;une excellente fa\u00e7on de renforcer les muscles de votre pied et ainsi de r\u00e9duire les d\u00e9sagr\u00e9ments de votre pathologie. Enfin, votre ost\u00e9opathe sera aussi susceptible de vous inviter \u00e0 modifier vos habitudes de vie afin de limiter au maximum des contraintes qui p\u00e8sent sur votre pied douloureux. Ce sera notamment le cas si vous pratiquez une activit\u00e9 sportive quotidiennement, si vous \u00eates souvent debout ou si vous passez de nombreuses heures \u00e0 pi\u00e9tiner, par exemple dans le cadre de votre m\u00e9tier.Si vous \u00eates concern\u00e9 par le syndrome de M\u00fcller-Weiss, vous avez peut-\u00eatre lu beaucoup de choses sur les traitements propos\u00e9s \u00e0 Rafael Nadal visant \u00e0 soigner cette pathologie. N\u00e9anmoins, sachez que ceux-ci ne s&rsquo;appliquent pas forc\u00e9ment \u00e0 vous. En effet, d&rsquo;une part, vous n&rsquo;\u00eates probablement pas un champion de tennis avec des exigences physiques particuli\u00e8res et, d&rsquo;autre part, chaque cas est diff\u00e9rent. Vous l&rsquo;aurez compris, il n&rsquo;existe pas de solution miracle pour r\u00e9soudre ce type de probl\u00e8me. Cependant, <strong>en consultant votre ost\u00e9opathe, vous avez l&rsquo;assurance que vous allez moins souffrir<\/strong>, ce qui va vous permettre d&rsquo;augmenter votre confort de vie au quotidien. Nous gageons que cela vous \u00e9vitera de perdre pied face \u00e0 la maladie, quelle que soit votre situation.<\/p>\n\n\n\n<p><em>Les conseils donn\u00e9s dans cet article ne se substituent, en aucun cas, \u00e0 un diagnostic pos\u00e9 par un m\u00e9decin ou par tout autre professionnel de sant\u00e9, ni \u00e0 un traitement m\u00e9dical.<\/em><\/p>\n","protected":false},"excerpt":{"rendered":"<p>Il y a encore quelques ann\u00e9es, le syndrome de M\u00fcller-Weiss \u00e9tait quasiment inconnu du grand public. Cela a chang\u00e9 lorsqu&rsquo;un certain Rafael Nadal a annonc\u00e9, au printemps 2022, qu&rsquo;il en \u00e9tait atteint. Si cette pathologie, qui est localis\u00e9e au niveau du pied, touche les sportifs de haut niveau, elle peut tout \u00e0 fait vous concerner &hellip; <\/p>\n","protected":false},"author":2,"featured_media":120,"comment_status":"open","ping_status":"open","sticky":false,"template":"","format":"standard","meta":{"footnotes":""},"categories":[1],"tags":[],"class_list":["post-943","post","type-post","status-publish","format-standard","has-post-thumbnail","hentry","category-osteopathie"],"_links":{"self":[{"href":"https:\/\/votreosteo.com\/blog\/wp-json\/wp\/v2\/posts\/943","targetHints":{"allow":["GET"]}}],"collection":[{"href":"https:\/\/votreosteo.com\/blog\/wp-json\/wp\/v2\/posts"}],"about":[{"href":"https:\/\/votreosteo.com\/blog\/wp-json\/wp\/v2\/types\/post"}],"author":[{"embeddable":true,"href":"https:\/\/votreosteo.com\/blog\/wp-json\/wp\/v2\/users\/2"}],"replies":[{"embeddable":true,"href":"https:\/\/votreosteo.com\/blog\/wp-json\/wp\/v2\/comments?post=943"}],"version-history":[{"count":2,"href":"https:\/\/votreosteo.com\/blog\/wp-json\/wp\/v2\/posts\/943\/revisions"}],"predecessor-version":[{"id":958,"href":"https:\/\/votreosteo.com\/blog\/wp-json\/wp\/v2\/posts\/943\/revisions\/958"}],"wp:featuredmedia":[{"embeddable":true,"href":"https:\/\/votreosteo.com\/blog\/wp-json\/wp\/v2\/media\/120"}],"wp:attachment":[{"href":"https:\/\/votreosteo.com\/blog\/wp-json\/wp\/v2\/media?parent=943"}],"wp:term":[{"taxonomy":"category","embeddable":true,"href":"https:\/\/votreosteo.com\/blog\/wp-json\/wp\/v2\/categories?post=943"},{"taxonomy":"post_tag","embeddable":true,"href":"https:\/\/votreosteo.com\/blog\/wp-json\/wp\/v2\/tags?post=943"}],"curies":[{"name":"wp","href":"https:\/\/api.w.org\/{rel}","templated":true}]}}